{"id":2145,"date":"2015-12-16T15:24:20","date_gmt":"2015-12-16T13:24:20","guid":{"rendered":"https:\/\/www.pflegeheim.me\/?p=2145"},"modified":"2015-12-16T15:24:20","modified_gmt":"2015-12-16T13:24:20","slug":"wie-alois-alzheimer-das-krankhafte-vergessen-entdeckte","status":"publish","type":"post","link":"https:\/\/www.pflegeheim.me\/?p=2145","title":{"rendered":"Wie Alois Alzheimer das krankhafte Vergessen entdeckte"},"content":{"rendered":"<p>Ein guter Artikel \u00fcber das Entdecken von Alzheimer hat die Rheinische Post verfa\u00dft.<br \/>\nF\u00fcr Sie hier \u00fcber den folgenden <a href=\"http:\/\/www.rp-online.de\/leben\/gesundheit\/medizin\/demenz\/wie-alois-alzheimer-die-demenz-krankheit-entdeckte-aid-1.5632535\" target=\"_blank\">Link<\/a> zum Nachlesen.<\/p>\n","protected":false},"excerpt":{"rendered":"<p>Ein guter Artikel \u00fcber das Entdecken von Alzheimer hat die Rheinische Post verfa\u00dft. F\u00fcr Sie hier \u00fcber den folgenden Link zum Nachlesen.<\/p>\n","protected":false},"author":1,"featured_media":0,"comment_status":"closed","ping_status":"closed","sticky":false,"template":"","format":"standard","meta":[],"categories":[35],"tags":[50],"_links":{"self":[{"href":"https:\/\/www.pflegeheim.me\/index.php?rest_route=\/wp\/v2\/posts\/2145"}],"collection":[{"href":"https:\/\/www.pflegeheim.me\/index.php?rest_route=\/wp\/v2\/posts"}],"about":[{"href":"https:\/\/www.pflegeheim.me\/index.php?rest_route=\/wp\/v2\/types\/post"}],"author":[{"embeddable":true,"href":"https:\/\/www.pflegeheim.me\/index.php?rest_route=\/wp\/v2\/users\/1"}],"replies":[{"embeddable":true,"href":"https:\/\/www.pflegeheim.me\/index.php?rest_route=%2Fwp%2Fv2%2Fcomments&post=2145"}],"version-history":[{"count":1,"href":"https:\/\/www.pflegeheim.me\/index.php?rest_route=\/wp\/v2\/posts\/2145\/revisions"}],"predecessor-version":[{"id":2146,"href":"https:\/\/www.pflegeheim.me\/index.php?rest_route=\/wp\/v2\/posts\/2145\/revisions\/2146"}],"wp:attachment":[{"href":"https:\/\/www.pflegeheim.me\/index.php?rest_route=%2Fwp%2Fv2%2Fmedia&parent=2145"}],"wp:term":[{"taxonomy":"category","embeddable":true,"href":"https:\/\/www.pflegeheim.me\/index.php?rest_route=%2Fwp%2Fv2%2Fcategories&post=2145"},{"taxonomy":"post_tag","embeddable":true,"href":"https:\/\/www.pflegeheim.me\/index.php?rest_route=%2Fwp%2Fv2%2Ftags&post=2145"}],"curies":[{"name":"wp","href":"https:\/\/api.w.org\/{rel}","templated":true}]}}