{"id":2143,"date":"2015-12-16T15:12:14","date_gmt":"2015-12-16T13:12:14","guid":{"rendered":"https:\/\/www.pflegeheim.me\/?p=2143"},"modified":"2015-12-16T15:13:50","modified_gmt":"2015-12-16T13:13:50","slug":"regierung-praesentiert-demenzstrategie","status":"publish","type":"post","link":"https:\/\/www.pflegeheim.me\/?p=2143","title":{"rendered":"Regierung pr\u00e4sentiert Demenzstrategie"},"content":{"rendered":"<p>Nach monatelanger Arbeit von Expertengruppen haben Gesundheitsministerin Sabine Oberhauser und Sozialminister Rudolf Hundstorfer (beide SP\u00d6) heute das Demenzstrategiepapier pr\u00e4sentiert. Ausgehend vom Demenzbericht 2014 wurde die Strategie mit dem Ziel \u201eGut leben mit Demenz\u201c formuliert.<br \/>\nKernpunkt ist die F\u00f6rderung der Kooperation und der Koordination der verschiedenen Stellen, die bei der Betreuung von Betroffenen zust\u00e4ndig sind. Es geht um Pr\u00e4vention, Krankenversorgung, soziale Dienste, Pflege, Unterst\u00fctzung der Angeh\u00f6rigen von Demenzpatienten und vieles mehr.<\/p>\n<h2>Sechs Arbeitsgruppen, sieben Ziele, 21 Empfehlungen<\/h2>\n<p>Sechs Arbeitsgruppen formulierten insgesamt sieben Wirkungsziele und 21 Handlungsempfehlungen. Diese bilden die gemeinsame Grundlage f\u00fcr die Konkretisierung von Zielen und Ma\u00dfnahmen durch die jeweiligen Organisationen.<\/p>\n<p>Rund 1,2 Prozent der Bev\u00f6lkerung in \u00d6sterreich leiden an Demenz. Aufgrund des kontinuierlichen Altersanstiegs in der Bev\u00f6lkerung wird sich diese Anzahl bis zum Jahr 2050 verdoppeln, denn das Risiko, an Demenz zu erkranken, steigt mit dem Alter. Demenz gilt bis heute als unheilbar. Die Versorgung von Menschen mit Demenz stellt somit eine der gr\u00f6\u00dften zuk\u00fcnftigen Herausforderungen f\u00fcr unsere Gesellschaft dar.<\/p>\n<h2>Hilfsorganisationen begr\u00fc\u00dfen Strategie<\/h2>\n<p>Das \u00d6sterreichische Hilfswerk, das Rote Kreuz und die Caritas begr\u00fc\u00dften die Formulierung einer \u00f6sterreichischen Strategie. Diakonie-Direktor Michael Chalupka pl\u00e4dierte \u201ef\u00fcr eine umfassende Umsetzung der vorgeschlagenen Handlungsempfehlungen. Daf\u00fcr m\u00fcssen auch entsprechende finanzielle Mittel eingesetzt werden.\u201c Die Hilfsorganisationen betonten die Notwendigkeit des Ausbaus vor allem mobiler Betreuungsdienste und forderten eine ausreichende Finanzierung.<\/p>\n<p>Auch der Pensionistenverband und die Volkshilfe begr\u00fc\u00dften das neue Papier. Rund 130.000 Menschen d\u00fcrften in \u00d6sterreich von Demenz betroffen sein. Erich Fenninger, Direktor der Volkshilfe \u00d6sterreich, erkl\u00e4rte, dass erst die Umsetzung des Papiers entscheidend sei.<\/p>\n<div class=\"storyMeta socialshare\">\n<p class=\"date\"><span class=\"offscreen\">Publiziert am<\/span>14.12.2015, Quelle: ORF<\/p>\n<\/div>\n","protected":false},"excerpt":{"rendered":"<p>Nach monatelanger Arbeit von Expertengruppen haben Gesundheitsministerin Sabine Oberhauser und Sozialminister Rudolf Hundstorfer (beide SP\u00d6) heute das Demenzstrategiepapier pr\u00e4sentiert. Ausgehend vom Demenzbericht 2014 wurde die Strategie mit dem Ziel \u201eGut leben mit Demenz\u201c formuliert. Kernpunkt ist die F\u00f6rderung der Kooperation und der Koordination der verschiedenen Stellen, die bei der Betreuung von Betroffenen zust\u00e4ndig sind. Es [&hellip;]<\/p>\n","protected":false},"author":1,"featured_media":0,"comment_status":"closed","ping_status":"closed","sticky":false,"template":"","format":"standard","meta":[],"categories":[35],"tags":[49],"_links":{"self":[{"href":"https:\/\/www.pflegeheim.me\/index.php?rest_route=\/wp\/v2\/posts\/2143"}],"collection":[{"href":"https:\/\/www.pflegeheim.me\/index.php?rest_route=\/wp\/v2\/posts"}],"about":[{"href":"https:\/\/www.pflegeheim.me\/index.php?rest_route=\/wp\/v2\/types\/post"}],"author":[{"embeddable":true,"href":"https:\/\/www.pflegeheim.me\/index.php?rest_route=\/wp\/v2\/users\/1"}],"replies":[{"embeddable":true,"href":"https:\/\/www.pflegeheim.me\/index.php?rest_route=%2Fwp%2Fv2%2Fcomments&post=2143"}],"version-history":[{"count":1,"href":"https:\/\/www.pflegeheim.me\/index.php?rest_route=\/wp\/v2\/posts\/2143\/revisions"}],"predecessor-version":[{"id":2144,"href":"https:\/\/www.pflegeheim.me\/index.php?rest_route=\/wp\/v2\/posts\/2143\/revisions\/2144"}],"wp:attachment":[{"href":"https:\/\/www.pflegeheim.me\/index.php?rest_route=%2Fwp%2Fv2%2Fmedia&parent=2143"}],"wp:term":[{"taxonomy":"category","embeddable":true,"href":"https:\/\/www.pflegeheim.me\/index.php?rest_route=%2Fwp%2Fv2%2Fcategories&post=2143"},{"taxonomy":"post_tag","embeddable":true,"href":"https:\/\/www.pflegeheim.me\/index.php?rest_route=%2Fwp%2Fv2%2Ftags&post=2143"}],"curies":[{"name":"wp","href":"https:\/\/api.w.org\/{rel}","templated":true}]}}