{"id":2111,"date":"2015-05-13T10:02:31","date_gmt":"2015-05-13T08:02:31","guid":{"rendered":"https:\/\/www.pflegeheim.me\/?p=2111"},"modified":"2015-05-13T10:02:31","modified_gmt":"2015-05-13T08:02:31","slug":"appell-fuer-bessere-bezahlung-des-pflegepersonals","status":"publish","type":"post","link":"https:\/\/www.pflegeheim.me\/?p=2111","title":{"rendered":"Appell f\u00fcr bessere Bezahlung des Pflegepersonals"},"content":{"rendered":"<h2>Team Stronach und FP\u00d6 verlangen von Regierung Reformen<\/h2>\n<p>Wien \u2013 Der &#8222;Internationale Tag der Pflege&#8220; hat am Dienstag Appelle f\u00fcr eine bessere Bezahlung des Pflegepersonals gebracht. Die Pfleger m\u00fcssten mehr Geld bekommen, forderte etwa <a href=\"http:\/\/derstandard.at\/r1339639820617\">Team Stronach<\/a>-Klubobfrau Waltraud Dietrich bei einer Pressekonferenz. Auch der freiheitliche Pflegesprecher und Dritte Nationalratspr\u00e4sident Norbert Hofer pochte auf Reformen im Pflegebereich.<\/p>\n<p>&#8222;Wenn wir nichts tun, wird die Pflege zum Pflegefall in \u00d6sterreich&#8220;, forderte Team Stronach-Klubchefin Dietrich die Regierung zu Reformen auf. Neben einer besseren Bezahlung w\u00fcnscht sich Dietrich die bundesweite Einf\u00fchrung einer Pflegelehre, wie es sie in der Schweiz gebe. Auch wolle man eine Pflegeversicherung als Teil der staatlichen Gesundheitsversicherung, finanziert werden soll das durch eine Zusammenlegung der Sozialversicherungstr\u00e4ger.<\/p>\n<h3>Hofer: &#8222;Valorisierung des Pflegegeldes&#8220;<\/h3>\n<p>&#8222;Mit der etappenweisen Verl\u00e4ngerung des Pflegefonds wird neues Geld in alte Systeme gepumpt, ohne den Bereich der Pflege zukunftsfit zu reformieren&#8220;, warnte indes Hofer in einer Aussendung. Dies sei s\u00e4mtlichen Betroffenen nicht weiter zumutbar. Dringende Strukturreformen, wie jene des Gesundheitswesens, um finanzielle Mittel f\u00fcr den Pflegebereich freizumachen, w\u00fcrden von der Bundesregierung aber weiterhin auf die lange Bank geschoben, kritisierte er. Einmal mehr forderte er unter anderem eine Valorisierung des Pflegegeldes.<\/p>\n<p>Die Reform des Gesundheits- und Krankenpflegegesetzes biete eine Chance, jenen, &#8222;die tagt\u00e4glich am Krankenbett, im OP, in den mobilen Diensten oder wo auch immer ihr Bestes geben, die l\u00e4ngst \u00fcberf\u00e4llige notwendige Wertsch\u00e4tzung entgegenzubringen&#8220;, betonte Arbeiterkammer-Pr\u00e4sident Rudolf Kaske in einer Aussendung. Eine der Ausbildung entsprechende Bezahlung m\u00fcsse mit den Reformschritten &#8222;zwingend&#8220; einhergehen. Die Diskussion um die Arbeitszeit und Einkommen der \u00c4rzte in den Spit\u00e4lern d\u00fcrfe nicht auf dem R\u00fccken der Pfleger und Pflegerinnen ausgetragen werden, meinte Kaske. Die derzeitigen \u00dcberlegungen zur Reform seien aber &#8222;leider vom Bestreben nach einer Verbilligung des Gesundheits- und Sozialbetreuungssystems dominiert&#8220;, kritisierte der AK-Pr\u00e4sident.<\/p>\n<h3>Zellhofer: &#8222;Verbesserung der Einkommenssituation&#8220;<\/h3>\n<p>\u00c4hnliche T\u00f6ne kamen aus der Gewerkschaft: Man m\u00fcsse bei der Gesetzesreform endlich N\u00e4gel mit K\u00f6pfen machen, forderte der Vorsitzende der \u00d6GB-ARGE-Fachgruppenvereinigung f\u00fcr Gesundheits- und Sozialberufe (\u00d6GB-FGV), Josef Zellhofer, in einer OTS. Die Ausbildung werde in Zukunft an Fachhochschulen oder Universit\u00e4ten stattfinden m\u00fcssen. Weil aber nicht auf Knopfdruck alle neu ausgebildet werden k\u00f6nnten, schlug Zellhofer vor, dass die derzeit in Besch\u00e4ftigung stehenden Angeh\u00f6rigen des gehobenen Dienstes der Pflege auf freiwilliger Basis die M\u00f6glichkeit bekommen, \u00fcber eine verk\u00fcrzte Ausbildung einen akademischen Abschluss zu erwerben. &#8222;Auch eine entsprechende Verbesserung der Einkommenssituation ist notwendig.&#8220;<\/p>\n<p>Verschiedene Initiativen im Sozial- und Gesundheitsbereich veranstalteten f\u00fcr das Pflegepersonal laut einer Aussendung am Dienstag Protestaktionen in Salzburg und Linz, au\u00dferdem in Wien etwa vor dem SMZ Ost, am Nachmittag dann auf der Mariahilferstra\u00dfe. &#8222;Schluss mit der Sch\u00f6nf\u00e4rberei der Politik&#8220; und &#8222;Sch\u00f6ne Worte zahlen meine Miete nicht&#8220; z\u00e4hlten demnach zu den Beschwerden. (APA, 12.5.2015)<\/p>\n","protected":false},"excerpt":{"rendered":"<p>Team Stronach und FP\u00d6 verlangen von Regierung Reformen Wien \u2013 Der &#8222;Internationale Tag der Pflege&#8220; hat am Dienstag Appelle f\u00fcr eine bessere Bezahlung des Pflegepersonals gebracht. Die Pfleger m\u00fcssten mehr Geld bekommen, forderte etwa Team Stronach-Klubobfrau Waltraud Dietrich bei einer Pressekonferenz. Auch der freiheitliche Pflegesprecher und Dritte Nationalratspr\u00e4sident Norbert Hofer pochte auf Reformen im Pflegebereich. [&hellip;]<\/p>\n","protected":false},"author":1,"featured_media":0,"comment_status":"closed","ping_status":"closed","sticky":false,"template":"","format":"standard","meta":[],"categories":[35],"tags":[43,44,45],"_links":{"self":[{"href":"https:\/\/www.pflegeheim.me\/index.php?rest_route=\/wp\/v2\/posts\/2111"}],"collection":[{"href":"https:\/\/www.pflegeheim.me\/index.php?rest_route=\/wp\/v2\/posts"}],"about":[{"href":"https:\/\/www.pflegeheim.me\/index.php?rest_route=\/wp\/v2\/types\/post"}],"author":[{"embeddable":true,"href":"https:\/\/www.pflegeheim.me\/index.php?rest_route=\/wp\/v2\/users\/1"}],"replies":[{"embeddable":true,"href":"https:\/\/www.pflegeheim.me\/index.php?rest_route=%2Fwp%2Fv2%2Fcomments&post=2111"}],"version-history":[{"count":1,"href":"https:\/\/www.pflegeheim.me\/index.php?rest_route=\/wp\/v2\/posts\/2111\/revisions"}],"predecessor-version":[{"id":2112,"href":"https:\/\/www.pflegeheim.me\/index.php?rest_route=\/wp\/v2\/posts\/2111\/revisions\/2112"}],"wp:attachment":[{"href":"https:\/\/www.pflegeheim.me\/index.php?rest_route=%2Fwp%2Fv2%2Fmedia&parent=2111"}],"wp:term":[{"taxonomy":"category","embeddable":true,"href":"https:\/\/www.pflegeheim.me\/index.php?rest_route=%2Fwp%2Fv2%2Fcategories&post=2111"},{"taxonomy":"post_tag","embeddable":true,"href":"https:\/\/www.pflegeheim.me\/index.php?rest_route=%2Fwp%2Fv2%2Ftags&post=2111"}],"curies":[{"name":"wp","href":"https:\/\/api.w.org\/{rel}","templated":true}]}}