{"id":1938,"date":"2014-10-09T18:29:43","date_gmt":"2014-10-09T16:29:43","guid":{"rendered":"https:\/\/www.pflegeheim.me\/?p=1938"},"modified":"2014-10-17T11:23:42","modified_gmt":"2014-10-17T09:23:42","slug":"schutzengel-pflegezentrum","status":"publish","type":"post","link":"https:\/\/www.pflegeheim.me\/?p=1938","title":{"rendered":"Pflegezentrum St. Oswald bei Plankenwarth"},"content":{"rendered":"<p>Das Gesundheits- und Pflegezentrum St. Oswald bei Plankenwarth liegt geografisch nur 17 Kilometer von Graz in westlicher Richtung. Das Pflegeheim liegt im Ort St. Oswald bei Plankenwarth und ist ca. 30 Autominuten vom Zentrum Graz entfernt.<br \/>\nDas Haus bietet 29 Bewohnern Platz und ist mit 10 Doppelzimmer und 9 Einzelzimmer im Vergleich zu anderen Pflegeheimen eher in der unteren Bewohneranzahl angesiedelt. Diese heimlige Gr\u00f6\u00dfe gibt uns aber die M\u00f6glichkeit sehr individuell auf jeden einzelnen Bewohner einzugehen und diesen dementsprechend zu versorgen.<br \/>\nWir besch\u00e4ftigen ausschlie\u00dflich geschultes Pflegepersonal in Form von diplomierten Krankenschwestern und ausgebildeten PflegehelferInnen.<br \/>\n\u00dcberzeugen Sie sich selbst mit einem Besuch vor Ort bei uns, wir w\u00fcrden uns sehr freuen Ihnen unsere Gegebenheiten pers\u00f6nlich vorstellen zu d\u00fcrfen.<\/p>\n","protected":false},"excerpt":{"rendered":"<p>Das Gesundheits- und Pflegezentrum St. Oswald bei Plankenwarth liegt geografisch nur 17 Kilometer von Graz in westlicher Richtung. Das Pflegeheim liegt im Ort St. Oswald bei Plankenwarth und ist ca. 30 Autominuten vom Zentrum Graz entfernt. Das Haus bietet 29 Bewohnern Platz und ist mit 10 Doppelzimmer und 9 Einzelzimmer im Vergleich zu anderen Pflegeheimen [&hellip;]<\/p>\n","protected":false},"author":1,"featured_media":0,"comment_status":"closed","ping_status":"closed","sticky":false,"template":"","format":"standard","meta":[],"categories":[36],"tags":[],"_links":{"self":[{"href":"https:\/\/www.pflegeheim.me\/index.php?rest_route=\/wp\/v2\/posts\/1938"}],"collection":[{"href":"https:\/\/www.pflegeheim.me\/index.php?rest_route=\/wp\/v2\/posts"}],"about":[{"href":"https:\/\/www.pflegeheim.me\/index.php?rest_route=\/wp\/v2\/types\/post"}],"author":[{"embeddable":true,"href":"https:\/\/www.pflegeheim.me\/index.php?rest_route=\/wp\/v2\/users\/1"}],"replies":[{"embeddable":true,"href":"https:\/\/www.pflegeheim.me\/index.php?rest_route=%2Fwp%2Fv2%2Fcomments&post=1938"}],"version-history":[{"count":4,"href":"https:\/\/www.pflegeheim.me\/index.php?rest_route=\/wp\/v2\/posts\/1938\/revisions"}],"predecessor-version":[{"id":1972,"href":"https:\/\/www.pflegeheim.me\/index.php?rest_route=\/wp\/v2\/posts\/1938\/revisions\/1972"}],"wp:attachment":[{"href":"https:\/\/www.pflegeheim.me\/index.php?rest_route=%2Fwp%2Fv2%2Fmedia&parent=1938"}],"wp:term":[{"taxonomy":"category","embeddable":true,"href":"https:\/\/www.pflegeheim.me\/index.php?rest_route=%2Fwp%2Fv2%2Fcategories&post=1938"},{"taxonomy":"post_tag","embeddable":true,"href":"https:\/\/www.pflegeheim.me\/index.php?rest_route=%2Fwp%2Fv2%2Ftags&post=1938"}],"curies":[{"name":"wp","href":"https:\/\/api.w.org\/{rel}","templated":true}]}}