{"id":1906,"date":"2014-10-07T10:00:34","date_gmt":"2014-10-07T08:00:34","guid":{"rendered":"https:\/\/www.pflegeheim.me\/?p=1906"},"modified":"2014-10-09T18:52:01","modified_gmt":"2014-10-09T16:52:01","slug":"heftige-kritik-an-hoeheren-huerden-fuer-pflegegeld","status":"publish","type":"post","link":"https:\/\/www.pflegeheim.me\/?p=1906","title":{"rendered":"Heftige Kritik an h\u00f6heren H\u00fcrden f\u00fcr Pflegegeld"},"content":{"rendered":"<p><strong>Mehr Geld, aber schwieriger Zugang &#8211; so sehen die neuen Pl\u00e4ne von Sozialminister Rudolf Hundstorfer (SP\u00d6) f\u00fcr das Pflegesystem aus. Von den steirischen Pflege-Organisationen kommt diesbez\u00fcglich heftige Kritik.<\/strong><\/p>\n<p>Geht es nach den am Montag vorgestellten Pl\u00e4nen, soll das Pflegegeld ab dem Jahr 2016 f\u00fcr alle Bezieher um zwei Prozent erh\u00f6ht werden. Allerdings: Schon ab dem kommenden Jahr wird es f\u00fcr Neuanw\u00e4rter schwieriger, Pflegegeld f\u00fcr die Stufen 1 und 2 zu bekommen &#8211; mehr dazu in<a href=\"http:\/\/oe1.orf.at\/artikel\/388374\">H\u00f6here H\u00fcrden f\u00fcr Pflegegeld<\/a> (oe1.ORF.at)<\/p>\n<p>In der Steiermark beziehen derzeit etwa 15.700 Menschen Pflegegeld der Stufe 1 &#8211; sie bekommen 154,20 pro Monat, 22.000 Menschen erhalten Pflegegeld der Stufe 2 &#8211; das macht 184,30 Euro aus; beide Gruppen zusammen machen mehr als 50 Prozent der Pflegegeldbezieher in der Steiermark aus.<\/p>\n<p>Geht es nach den Pl\u00e4nen des Sozialministers, sollen ab dem kommenden Jahr die Kriterien, um dieses Geld zu bekommen, versch\u00e4rft werden &#8211; man muss dann monatlich um f\u00fcnf bzw. zehn Stunden mehr Pflege in Anspruch nehmen, um das Geld zu kassieren.<\/p>\n<h4>\u201eDer falsche Weg\u201c<\/h4>\n<p>Das sei der falsche Weg, sagt die Leiterin des Bereichs Pflege bei der Caritas, Maria Gschaider: \u201eIch kann dem nicht viel abgewinnen. Das werden nicht die gro\u00dfen Ersparnisse f\u00fcr \u00d6sterreich sein, aber es ist f\u00fcr viele Menschen ein gro\u00dfer Nachteil, vor allem f\u00fcr Menschen, die demenzkrank sind oder am Beginn der Krankheit stehen.\u201c Wenn diese Menschen zu sp\u00e4t Hilfe bekommen, w\u00fcrden sie in eine teurere Pflegestufe abrutschen, sagt die Pflegedienstleiterin beim Hilfswerk, Erika Wagner.<\/p>\n<p>Auch die Landesvorsitzende des \u00d6sterreichischen Gesundheits- und Krankenpflegeverbandes, Marianne Raiger, sieht das so: \u201eWenn wir bei einem Pflegegeldbezieher der Stufen 1 und 2 fr\u00fchm\u00f6glichst anfangen mit der Gesundheitsberatung bzw. auch mit der Unterst\u00fctzung, dann kann das Fortschreiten der chronischen Erkrankung hinausgez\u00f6gert werden.\u201c Der Schuss w\u00fcrde also nach hinten losgehen und das Pflegesystem mehr kosten.<\/p>\n<h4>\u201eDas Pflegeflickwerk geht munter weiter\u201c<\/h4>\n<p>Der Gesch\u00e4ftsf\u00fchrer der Volkshilfe Steiermark, Franz Ferner kritisiert generell das Pflegesystem: \u201eMan hat den Eindruck, dass das Pflegeflickwerk in \u00d6sterreich munter weitergeht. Ich finde, dass das ein falsches Signal ist, es fehlt der gro\u00dfe Wurf, es fehlt eine Vereinheitlichung der Pflegeleistungen, der Rahmenbedingungen und der Finanzierung f\u00fcr ganz \u00d6sterreich.\u201c Es sei unw\u00fcrdig, in einem der reichsten L\u00e4nder der Welt, keine Pflegefinanzierung zu finden, so Ferner.<\/p>\n<p>Quelle: ORF Steiermark vom 7.10.2014<\/p>\n","protected":false},"excerpt":{"rendered":"<p>Mehr Geld, aber schwieriger Zugang &#8211; so sehen die neuen Pl\u00e4ne von Sozialminister Rudolf Hundstorfer (SP\u00d6) f\u00fcr das Pflegesystem aus. Von den steirischen Pflege-Organisationen kommt diesbez\u00fcglich heftige Kritik. Geht es nach den am Montag vorgestellten Pl\u00e4nen, soll das Pflegegeld ab dem Jahr 2016 f\u00fcr alle Bezieher um zwei Prozent erh\u00f6ht werden. Allerdings: Schon ab dem [&hellip;]<\/p>\n","protected":false},"author":1,"featured_media":0,"comment_status":"closed","ping_status":"closed","sticky":false,"template":"","format":"standard","meta":[],"categories":[35],"tags":[],"_links":{"self":[{"href":"https:\/\/www.pflegeheim.me\/index.php?rest_route=\/wp\/v2\/posts\/1906"}],"collection":[{"href":"https:\/\/www.pflegeheim.me\/index.php?rest_route=\/wp\/v2\/posts"}],"about":[{"href":"https:\/\/www.pflegeheim.me\/index.php?rest_route=\/wp\/v2\/types\/post"}],"author":[{"embeddable":true,"href":"https:\/\/www.pflegeheim.me\/index.php?rest_route=\/wp\/v2\/users\/1"}],"replies":[{"embeddable":true,"href":"https:\/\/www.pflegeheim.me\/index.php?rest_route=%2Fwp%2Fv2%2Fcomments&post=1906"}],"version-history":[{"count":2,"href":"https:\/\/www.pflegeheim.me\/index.php?rest_route=\/wp\/v2\/posts\/1906\/revisions"}],"predecessor-version":[{"id":1913,"href":"https:\/\/www.pflegeheim.me\/index.php?rest_route=\/wp\/v2\/posts\/1906\/revisions\/1913"}],"wp:attachment":[{"href":"https:\/\/www.pflegeheim.me\/index.php?rest_route=%2Fwp%2Fv2%2Fmedia&parent=1906"}],"wp:term":[{"taxonomy":"category","embeddable":true,"href":"https:\/\/www.pflegeheim.me\/index.php?rest_route=%2Fwp%2Fv2%2Fcategories&post=1906"},{"taxonomy":"post_tag","embeddable":true,"href":"https:\/\/www.pflegeheim.me\/index.php?rest_route=%2Fwp%2Fv2%2Ftags&post=1906"}],"curies":[{"name":"wp","href":"https:\/\/api.w.org\/{rel}","templated":true}]}}